{"id":5747,"date":"2009-11-28T17:50:44","date_gmt":"2009-11-28T20:50:44","guid":{"rendered":"http:\/\/wellingtondemelo.com.br\/site\/?p=5747"},"modified":"2009-12-04T15:04:23","modified_gmt":"2009-12-04T18:04:23","slug":"a-rua","status":"publish","type":"post","link":"https:\/\/www.wellingtondemelo.com.br\/site\/2009\/11\/28\/a-rua\/","title":{"rendered":"A rua"},"content":{"rendered":"<p>[podcast]http:\/\/wellingtondemelo.com.br\/site\/wp-content\/uploads\/2009\/11\/A-rua.mp3[\/podcast]<\/p>\n<p>h\u00e1 algo calado nessas ilhas h\u00e1 algo calado que se remove debaixo de capas e capas e capas e capas de tinta dessas paredes silenciadas algo com cheiro de f\u00faria calado debaixo da \u00a0solid\u00e3o im\u00f3vel dos grafites algo incinerado no altar da vila madalena h\u00e1 h\u00e1 uma f\u00faria encoberta por jasmins a\u00e9reos h\u00e1 uma amputa\u00e7\u00e3o em cada sorriso uma fratura em cada sonho h\u00e1 algo h\u00e1 algo calado debaixo das rodas dos carros h\u00e1 algo por debaixo do alabastro das faces\u00a0 h\u00e1 algo h\u00e1 algo calado calado calado<\/p>\n","protected":false},"excerpt":{"rendered":"<p>Poema escrito durante a passagem por S\u00e3o Paulo.<\/p>\n","protected":false},"author":1,"featured_media":0,"comment_status":"open","ping_status":"open","sticky":false,"template":"","format":"standard","meta":{"inline_featured_image":false,"footnotes":""},"categories":[16],"tags":[210],"class_list":["post-5747","post","type-post","status-publish","format-standard","hentry","category-poemas","tag-poema"],"yoast_head":"<!-- This site is optimized with the Yoast SEO plugin v27.4 - https:\/\/yoast.com\/product\/yoast-seo-wordpress\/ -->\n<title>Wellington de Melo | Poema escrito em S\u00e3o Paulo<\/title>\n<meta name=\"robots\" content=\"index, follow, max-snippet:-1, max-image-preview:large, max-video-preview:-1\" \/>\n<link rel=\"canonical\" href=\"https:\/\/www.wellingtondemelo.com.br\/site\/2009\/11\/28\/a-rua\/\" \/>\n<meta name=\"twitter:card\" content=\"summary_large_image\" \/>\n<meta name=\"twitter:title\" content=\"Wellington de Melo | Poema escrito em S\u00e3o Paulo\" \/>\n<meta name=\"twitter:description\" content=\"Poema escrito durante a passagem por S\u00e3o Paulo.\" \/>\n<meta name=\"twitter:creator\" content=\"@wjdemelo\" \/>\n<meta name=\"twitter:site\" content=\"@wjdemelo\" \/>\n<meta name=\"twitter:label1\" content=\"Escrito por\" \/>\n\t<meta name=\"twitter:data1\" content=\"Wellington de Melo\" \/>\n\t<meta name=\"twitter:label2\" content=\"Est. tempo de leitura\" \/>\n\t<meta name=\"twitter:data2\" content=\"1 minuto\" \/>\n<script type=\"application\/ld+json\" class=\"yoast-schema-graph\">{\"@context\":\"https:\\\/\\\/schema.org\",\"@graph\":[{\"@type\":\"Article\",\"@id\":\"https:\\\/\\\/www.wellingtondemelo.com.br\\\/site\\\/2009\\\/11\\\/28\\\/a-rua\\\/#article\",\"isPartOf\":{\"@id\":\"https:\\\/\\\/www.wellingtondemelo.com.br\\\/site\\\/2009\\\/11\\\/28\\\/a-rua\\\/\"},\"author\":{\"name\":\"Wellington de Melo\",\"@id\":\"https:\\\/\\\/www.wellingtondemelo.com.br\\\/site\\\/#\\\/schema\\\/person\\\/cf9f788f3ed8fb6ef9ea22f716e67471\"},\"headline\":\"A rua\",\"datePublished\":\"2009-11-28T20:50:44+00:00\",\"dateModified\":\"2009-12-04T18:04:23+00:00\",\"mainEntityOfPage\":{\"@id\":\"https:\\\/\\\/www.wellingtondemelo.com.br\\\/site\\\/2009\\\/11\\\/28\\\/a-rua\\\/\"},\"wordCount\":107,\"commentCount\":2,\"keywords\":[\"poema\"],\"articleSection\":[\"Poemas\"],\"inLanguage\":\"pt-BR\",\"potentialAction\":[{\"@type\":\"CommentAction\",\"name\":\"Comment\",\"target\":[\"https:\\\/\\\/www.wellingtondemelo.com.br\\\/site\\\/2009\\\/11\\\/28\\\/a-rua\\\/#respond\"]}]},{\"@type\":\"WebPage\",\"@id\":\"https:\\\/\\\/www.wellingtondemelo.com.br\\\/site\\\/2009\\\/11\\\/28\\\/a-rua\\\/\",\"url\":\"https:\\\/\\\/www.wellingtondemelo.com.br\\\/site\\\/2009\\\/11\\\/28\\\/a-rua\\\/\",\"name\":\"Wellington de Melo | Poema escrito em S\u00e3o Paulo\",\"isPartOf\":{\"@id\":\"https:\\\/\\\/www.wellingtondemelo.com.br\\\/site\\\/#website\"},\"datePublished\":\"2009-11-28T20:50:44+00:00\",\"dateModified\":\"2009-12-04T18:04:23+00:00\",\"author\":{\"@id\":\"https:\\\/\\\/www.wellingtondemelo.com.br\\\/site\\\/#\\\/schema\\\/person\\\/cf9f788f3ed8fb6ef9ea22f716e67471\"},\"breadcrumb\":{\"@id\":\"https:\\\/\\\/www.wellingtondemelo.com.br\\\/site\\\/2009\\\/11\\\/28\\\/a-rua\\\/#breadcrumb\"},\"inLanguage\":\"pt-BR\",\"potentialAction\":[{\"@type\":\"ReadAction\",\"target\":[\"https:\\\/\\\/www.wellingtondemelo.com.br\\\/site\\\/2009\\\/11\\\/28\\\/a-rua\\\/\"]}]},{\"@type\":\"BreadcrumbList\",\"@id\":\"https:\\\/\\\/www.wellingtondemelo.com.br\\\/site\\\/2009\\\/11\\\/28\\\/a-rua\\\/#breadcrumb\",\"itemListElement\":[{\"@type\":\"ListItem\",\"position\":1,\"name\":\"In\u00edcio\",\"item\":\"https:\\\/\\\/www.wellingtondemelo.com.br\\\/site\\\/\"},{\"@type\":\"ListItem\",\"position\":2,\"name\":\"A rua\"}]},{\"@type\":\"WebSite\",\"@id\":\"https:\\\/\\\/www.wellingtondemelo.com.br\\\/site\\\/#website\",\"url\":\"https:\\\/\\\/www.wellingtondemelo.com.br\\\/site\\\/\",\"name\":\"Wellington de Melo | escritor\",\"description\":\"P\u00e1gina do escritor Wellington de Melo\",\"potentialAction\":[{\"@type\":\"SearchAction\",\"target\":{\"@type\":\"EntryPoint\",\"urlTemplate\":\"https:\\\/\\\/www.wellingtondemelo.com.br\\\/site\\\/?s={search_term_string}\"},\"query-input\":{\"@type\":\"PropertyValueSpecification\",\"valueRequired\":true,\"valueName\":\"search_term_string\"}}],\"inLanguage\":\"pt-BR\"},{\"@type\":\"Person\",\"@id\":\"https:\\\/\\\/www.wellingtondemelo.com.br\\\/site\\\/#\\\/schema\\\/person\\\/cf9f788f3ed8fb6ef9ea22f716e67471\",\"name\":\"Wellington de Melo\",\"image\":{\"@type\":\"ImageObject\",\"inLanguage\":\"pt-BR\",\"@id\":\"https:\\\/\\\/secure.gravatar.com\\\/avatar\\\/fe4cb3a22a316d71dadda2057eae795ac8ce6b29df72d6be93bafa489b33f5d7?s=96&d=retro&r=g\",\"url\":\"https:\\\/\\\/secure.gravatar.com\\\/avatar\\\/fe4cb3a22a316d71dadda2057eae795ac8ce6b29df72d6be93bafa489b33f5d7?s=96&d=retro&r=g\",\"contentUrl\":\"https:\\\/\\\/secure.gravatar.com\\\/avatar\\\/fe4cb3a22a316d71dadda2057eae795ac8ce6b29df72d6be93bafa489b33f5d7?s=96&d=retro&r=g\",\"caption\":\"Wellington de Melo\"},\"description\":\"Escritor e editor, autor dos romances Estrangeiro no labirinto (Semi-finalista do Pr\u00eamio Portugal Telecom) e Felicidade.\",\"sameAs\":[\"http:\\\/\\\/www.wellingtondemelo.com.br\"]}]}<\/script>\n<!-- \/ Yoast SEO plugin. -->","yoast_head_json":{"title":"Wellington de Melo | Poema escrito em S\u00e3o Paulo","robots":{"index":"index","follow":"follow","max-snippet":"max-snippet:-1","max-image-preview":"max-image-preview:large","max-video-preview":"max-video-preview:-1"},"canonical":"https:\/\/www.wellingtondemelo.com.br\/site\/2009\/11\/28\/a-rua\/","twitter_card":"summary_large_image","twitter_title":"Wellington de Melo | Poema escrito em S\u00e3o Paulo","twitter_description":"Poema escrito durante a passagem por S\u00e3o Paulo.","twitter_creator":"@wjdemelo","twitter_site":"@wjdemelo","twitter_misc":{"Escrito por":"Wellington de Melo","Est. tempo de leitura":"1 minuto"},"schema":{"@context":"https:\/\/schema.org","@graph":[{"@type":"Article","@id":"https:\/\/www.wellingtondemelo.com.br\/site\/2009\/11\/28\/a-rua\/#article","isPartOf":{"@id":"https:\/\/www.wellingtondemelo.com.br\/site\/2009\/11\/28\/a-rua\/"},"author":{"name":"Wellington de Melo","@id":"https:\/\/www.wellingtondemelo.com.br\/site\/#\/schema\/person\/cf9f788f3ed8fb6ef9ea22f716e67471"},"headline":"A rua","datePublished":"2009-11-28T20:50:44+00:00","dateModified":"2009-12-04T18:04:23+00:00","mainEntityOfPage":{"@id":"https:\/\/www.wellingtondemelo.com.br\/site\/2009\/11\/28\/a-rua\/"},"wordCount":107,"commentCount":2,"keywords":["poema"],"articleSection":["Poemas"],"inLanguage":"pt-BR","potentialAction":[{"@type":"CommentAction","name":"Comment","target":["https:\/\/www.wellingtondemelo.com.br\/site\/2009\/11\/28\/a-rua\/#respond"]}]},{"@type":"WebPage","@id":"https:\/\/www.wellingtondemelo.com.br\/site\/2009\/11\/28\/a-rua\/","url":"https:\/\/www.wellingtondemelo.com.br\/site\/2009\/11\/28\/a-rua\/","name":"Wellington de Melo | Poema escrito em S\u00e3o Paulo","isPartOf":{"@id":"https:\/\/www.wellingtondemelo.com.br\/site\/#website"},"datePublished":"2009-11-28T20:50:44+00:00","dateModified":"2009-12-04T18:04:23+00:00","author":{"@id":"https:\/\/www.wellingtondemelo.com.br\/site\/#\/schema\/person\/cf9f788f3ed8fb6ef9ea22f716e67471"},"breadcrumb":{"@id":"https:\/\/www.wellingtondemelo.com.br\/site\/2009\/11\/28\/a-rua\/#breadcrumb"},"inLanguage":"pt-BR","potentialAction":[{"@type":"ReadAction","target":["https:\/\/www.wellingtondemelo.com.br\/site\/2009\/11\/28\/a-rua\/"]}]},{"@type":"BreadcrumbList","@id":"https:\/\/www.wellingtondemelo.com.br\/site\/2009\/11\/28\/a-rua\/#breadcrumb","itemListElement":[{"@type":"ListItem","position":1,"name":"In\u00edcio","item":"https:\/\/www.wellingtondemelo.com.br\/site\/"},{"@type":"ListItem","position":2,"name":"A rua"}]},{"@type":"WebSite","@id":"https:\/\/www.wellingtondemelo.com.br\/site\/#website","url":"https:\/\/www.wellingtondemelo.com.br\/site\/","name":"Wellington de Melo | escritor","description":"P\u00e1gina do escritor Wellington de Melo","potentialAction":[{"@type":"SearchAction","target":{"@type":"EntryPoint","urlTemplate":"https:\/\/www.wellingtondemelo.com.br\/site\/?s={search_term_string}"},"query-input":{"@type":"PropertyValueSpecification","valueRequired":true,"valueName":"search_term_string"}}],"inLanguage":"pt-BR"},{"@type":"Person","@id":"https:\/\/www.wellingtondemelo.com.br\/site\/#\/schema\/person\/cf9f788f3ed8fb6ef9ea22f716e67471","name":"Wellington de Melo","image":{"@type":"ImageObject","inLanguage":"pt-BR","@id":"https:\/\/secure.gravatar.com\/avatar\/fe4cb3a22a316d71dadda2057eae795ac8ce6b29df72d6be93bafa489b33f5d7?s=96&d=retro&r=g","url":"https:\/\/secure.gravatar.com\/avatar\/fe4cb3a22a316d71dadda2057eae795ac8ce6b29df72d6be93bafa489b33f5d7?s=96&d=retro&r=g","contentUrl":"https:\/\/secure.gravatar.com\/avatar\/fe4cb3a22a316d71dadda2057eae795ac8ce6b29df72d6be93bafa489b33f5d7?s=96&d=retro&r=g","caption":"Wellington de Melo"},"description":"Escritor e editor, autor dos romances Estrangeiro no labirinto (Semi-finalista do Pr\u00eamio Portugal Telecom) e Felicidade.","sameAs":["http:\/\/www.wellingtondemelo.com.br"]}]}},"_links":{"self":[{"href":"https:\/\/www.wellingtondemelo.com.br\/site\/wp-json\/wp\/v2\/posts\/5747","targetHints":{"allow":["GET"]}}],"collection":[{"href":"https:\/\/www.wellingtondemelo.com.br\/site\/wp-json\/wp\/v2\/posts"}],"about":[{"href":"https:\/\/www.wellingtondemelo.com.br\/site\/wp-json\/wp\/v2\/types\/post"}],"author":[{"embeddable":true,"href":"https:\/\/www.wellingtondemelo.com.br\/site\/wp-json\/wp\/v2\/users\/1"}],"replies":[{"embeddable":true,"href":"https:\/\/www.wellingtondemelo.com.br\/site\/wp-json\/wp\/v2\/comments?post=5747"}],"version-history":[{"count":0,"href":"https:\/\/www.wellingtondemelo.com.br\/site\/wp-json\/wp\/v2\/posts\/5747\/revisions"}],"wp:attachment":[{"href":"https:\/\/www.wellingtondemelo.com.br\/site\/wp-json\/wp\/v2\/media?parent=5747"}],"wp:term":[{"taxonomy":"category","embeddable":true,"href":"https:\/\/www.wellingtondemelo.com.br\/site\/wp-json\/wp\/v2\/categories?post=5747"},{"taxonomy":"post_tag","embeddable":true,"href":"https:\/\/www.wellingtondemelo.com.br\/site\/wp-json\/wp\/v2\/tags?post=5747"}],"curies":[{"name":"wp","href":"https:\/\/api.w.org\/{rel}","templated":true}]}}